[{"@context":"https:\/\/schema.org\/","@type":"Article","@id":"https:\/\/www.dobree.sk\/aj-biele-nechty-su-trendy\/#Article","mainEntityOfPage":"https:\/\/www.dobree.sk\/aj-biele-nechty-su-trendy\/","headline":"Aj biele nechty s\u00fa trendy","name":"Aj biele nechty s\u00fa trendy","description":"Vysk\u00fa\u0161ali ste u\u017e biele g\u00e9lov\u00e9 nechty? E\u0161te nie? Ur\u010dite ich vysk\u00fa\u0161ajte, okrem toho, \u017ee s\u00fa teraz v trende vyzeraj\u00fa skvelo, elegantne a moderne. Franc\u00fazka manik\u00fara","datePublished":"2023-08-19","dateModified":"2023-09-19","author":{"@type":"Person","@id":"https:\/\/www.dobree.sk\/author\/devene\/#Person","name":"devene","url":"https:\/\/www.dobree.sk\/author\/devene\/","identifier":1,"image":{"@type":"ImageObject","@id":"https:\/\/secure.gravatar.com\/avatar\/e4532b7f65738965bbad8697e5bd54c0628af7bffe8d3c856885c44d86978cee?s=96&d=mm&r=g","url":"https:\/\/secure.gravatar.com\/avatar\/e4532b7f65738965bbad8697e5bd54c0628af7bffe8d3c856885c44d86978cee?s=96&d=mm&r=g","height":96,"width":96}},"publisher":{"@type":"Organization","name":"dobree.sk","logo":{"@type":"ImageObject","@id":"\/logo.png","url":"\/logo.png","width":600,"height":60}},"image":{"@type":"ImageObject","@id":"https:\/\/www.dobree.sk\/wp-content\/uploads\/pexels-cottonbro-studio-3997379_6.jpg","url":"https:\/\/www.dobree.sk\/wp-content\/uploads\/pexels-cottonbro-studio-3997379_6.jpg","height":0,"width":0},"url":"https:\/\/www.dobree.sk\/aj-biele-nechty-su-trendy\/","about":["N\u00e1kupy"],"wordCount":386,"articleBody":"       Vysk\u00fa\u0161ali ste u\u017e biele g\u00e9lov\u00e9 nechty? E\u0161te nie? Ur\u010dite ich vysk\u00fa\u0161ajte, okrem toho, \u017ee s\u00fa teraz v trende vyzeraj\u00fa skvelo, elegantne a moderne. Franc\u00fazka manik\u00fara s bielym vr\u0161kom je nad\u010dasov\u00e1 klasika, ktor\u00e1 bude modern\u00e1 v\u017edy. Av\u0161ak aj cel\u00e9 biele nechty vyzeraj\u00fa na ruk\u00e1ch skvelo, preto\u017ee va\u0161a ruka p\u00f4sob\u00ed \u010disto, upravene a okrem toho nen\u00e1padnej\u0161ie a prirodzene, narozdiel ako je to v pr\u00edpade nejak\u00e9ho v\u00fdraznej\u0161ieho laku. Tak\u017ee biely g\u00e9l zauj\u00edme ur\u010dite aj \u017eeny, ktor\u00e9 nemaj\u00fa radi v\u00fdrazne farby na svojich nechtoch. Okrem toho sa biela farba hod\u00ed na ka\u017ed\u00e9 ro\u010dn\u00e9 obdobie a biele nechty sa vedia skvelo dop\u013a\u0148a\u0165 s va\u0161imi m\u00f3dnymi kombin\u00e1ciami.Ka\u017ed\u00fd kto vysk\u00fa\u0161al biele g\u00e9lov\u00e9 nechty si ich okam\u017eite ob\u013e\u00fabil, vysk\u00fa\u0161ajte ich aj vy a bu\u010fte \u0161t\u00fdlov\u00e1 a nen\u00e1padn\u00e1, ale upraven\u00e1 a modern\u00e1. Biely UV g\u00e9l na nechty si m\u00f4\u017eete teraz zak\u00fapi\u0165 aj v internetovom obchode D-Nails, ktor\u00fd \u017eije manik\u00farou. (Sta\u010d\u00ed ak kliknete na tento link a ihne\u010f sa v\u00e1m zobraz\u00ed ponuka farebn\u00fdch UV g\u00e9lov: https:\/\/www.d-nails.sk\/farebne-uv-gely.) V internetovom obchode D-Nails m\u00f4\u017eete v\u0161ak nak\u00fapi\u0165 omnoho viac. V D-Nails m\u00f4\u017eete nak\u00fapi\u0165 v\u0161etko potrebn\u00e9 pre va\u0161u manik\u00faru a kr\u00e1sne nechty.Okrem toho D-Nails pon\u00faka aj v\u00fdukov\u00e9 kurzy, na ktor\u00fdch sa m\u00f4\u017eete nau\u010di\u0165, ako sa spr\u00e1vne rob\u00ed manik\u00fara, a taktie\u017e ako spr\u00e1vne pou\u017e\u00edva\u0165 UV lampu na nechty a vytv\u00e1ra\u0165 si napr\u00edklad sama doma biele g\u00e9lov\u00e9 nechty alebo mno\u017estvo in\u00fdch farebn\u00fdch kombin\u00e1cii. Kliknite si na www.D-Nails a dozviete sa o kurzoch, ale aj st\u00e1lej ponuke omnoho viac. Ak v\u00e1s bav\u00ed svet manik\u00fary a kr\u00e1snych a upraven\u00fdch nechtov, zaregistrujte sa a za\u010dnite odobera\u0165 novinky a bu\u010fte st\u00e1le v obraze o trendoch a novink\u00e1ch, ktor\u00e9 sa v manik\u00fare neust\u00e1le menia. V pr\u00edpade ak\u00fdchko\u013evek ot\u00e1zok sme pre na\u0161ich z\u00e1kazn\u00edkov k dispoz\u00edcii ka\u017ed\u00fd pracovn\u00fd de\u0148 od 8:00 do 16:00 \u010di u\u017e telefonicky alebo prostredn\u00edctvom mailu.                                                                                                                                                                                                                                                                                                                                                                                          4.7\/5 - (4 votes)        "},{"@context":"https:\/\/schema.org\/","@type":"BreadcrumbList","itemListElement":[{"@type":"ListItem","position":1,"name":"Aj biele nechty s\u00fa trendy","item":"https:\/\/www.dobree.sk\/aj-biele-nechty-su-trendy\/#breadcrumbitem"}]}]